{"id":5081,"date":"2024-06-25T15:24:31","date_gmt":"2024-06-25T13:24:31","guid":{"rendered":"https:\/\/thompouss.fr\/?p=5081"},"modified":"2024-06-25T15:27:34","modified_gmt":"2024-06-25T13:27:34","slug":"hors-des-sentiers-battus-imaginons-ensemble-votre-seeph","status":"publish","type":"post","link":"https:\/\/thompouss.fr\/index.php\/hors-des-sentiers-battus-imaginons-ensemble-votre-seeph\/","title":{"rendered":"Hors des sentiers battus, imaginons ensemble votre SEEPH."},"content":{"rendered":"\n<p>Le th\u00e8me officiel de la Semaine Europ\u00e9enne pour l\u2019Emploi des Personnes Handicap\u00e9es de cette ann\u00e9e est\u00a0: \u00ab Handicap et parcours professionnel : comment assurer une vraie \u00e9galit\u00e9 des chances ? \u00bb.<\/p>\n\n\n\n<p>Pour les entreprises qui souhaitent s\u2019inscrire dans cette th\u00e9matique nationale, tout l\u2019enjeu est de la rendre concr\u00e8te pour les \u00e9quipes.<\/p>\n\n\n\n<p>Nous vous proposons d\u2019aborder en interne les sujets suivants&nbsp;:<\/p>\n\n\n\n<ul class=\"wp-block-list\">\n<li>Faire prendre conscience \u00e0 vos salari\u00e9s que l\u2019on peut tous \u00eatre discriminants via un webinaire sur les biais cognitifs et\/ou une exposition interactive,<\/li>\n<\/ul>\n\n\n\n<ul class=\"wp-block-list\">\n<li>Leur permettre d\u2019identifier les aides et solutions mobilisables pour rendre l\u2019environnement de travail inclusif un atelier sur les innovations en mati\u00e8re de compensation du handicap et\/ou une campagne de sensibilisation digitale<\/li>\n<\/ul>\n\n\n\n<ul class=\"wp-block-list\">\n<li>Communiquer sur le fait que chacun a un r\u00f4le \u00e0 jouer pour un monde professionnel plus inclusif avec un atelier de r\u00e9alit\u00e9 virtuel, une conf\u00e9rence th\u00e9\u00e2tralis\u00e9e ou un jeu de soci\u00e9t\u00e9.<\/li>\n<\/ul>\n\n\n\n<ul class=\"wp-block-list\">\n<li>Valoriser les actions mises en \u0153uvre par votre entreprise en profitant de chaque animation (pr\u00e9sentielle ou digitale) pour faire passer vos informations clefs.<\/li>\n<\/ul>\n\n\n\n<p>Et sinon&nbsp;? Libre \u00e0 vous de vous affranchir du th\u00e8me national et de construire une SEEPH en lien avec vos sujets et enjeux internes&nbsp;: parler RQTH, parler handicaps invisibles, surfer sur la th\u00e9matique \u00ab&nbsp;sport et handicap&nbsp;\u00bb en cette ann\u00e9e de JO, \u2026<\/p>\n\n\n\n<p>Nous d\u00e9bordons de cr\u00e9ativit\u00e9 pour imaginer la SEEPH qui vous ressemble.<\/p>\n\n\n\n<p>Contactez-vous pour un projet sur-mesure\u2026<\/p>\n\n\n\n<p>Envoyez-nous un mail\u00a0: <a href=\"mailto:thompoussconsultants@thompouss.fr\">thompoussconsultants@thompouss.fr<\/a><\/p>\n","protected":false},"excerpt":{"rendered":"<p>Le th\u00e8me officiel de la Semaine Europ\u00e9enne pour l\u2019Emploi des Personnes Handicap\u00e9es de cette ann\u00e9e est\u00a0: \u00ab Handicap et parcours professionnel : comment assurer une vraie \u00e9galit\u00e9 des chances ? \u00bb.<\/p>\n","protected":false},"author":1,"featured_media":5082,"comment_status":"open","ping_status":"open","sticky":false,"template":"","format":"standard","meta":{"_acf_changed":false,"inline_featured_image":false,"footnotes":""},"categories":[1],"tags":[],"class_list":["post-5081","post","type-post","status-publish","format-standard","has-post-thumbnail","hentry","category-non-classe"],"acf":[],"yoast_head":"<!-- This site is optimized with the Yoast SEO plugin v27.5 - https:\/\/yoast.com\/product\/yoast-seo-wordpress\/ -->\n<title>Hors des sentiers battus, imaginons ensemble votre SEEPH. - T&#039;hompouss Consultants<\/title>\n<meta name=\"description\" content=\"Cette ann\u00e9e, quel est le th\u00e8me officiel de la Semaine Europ\u00e9enne pour l\u2019Emploi des Personnes Handicap\u00e9es (SEEPH) ?\" \/>\n<meta name=\"robots\" content=\"index, follow, max-snippet:-1, max-image-preview:large, max-video-preview:-1\" \/>\n<link rel=\"canonical\" href=\"https:\/\/thompouss.fr\/index.php\/hors-des-sentiers-battus-imaginons-ensemble-votre-seeph\/\" \/>\n<meta property=\"og:locale\" content=\"fr_FR\" \/>\n<meta property=\"og:type\" content=\"article\" \/>\n<meta property=\"og:title\" content=\"Hors des sentiers battus, imaginons ensemble votre SEEPH. - T&#039;hompouss Consultants\" \/>\n<meta property=\"og:description\" content=\"Cette ann\u00e9e, quel est le th\u00e8me officiel de la Semaine Europ\u00e9enne pour l\u2019Emploi des Personnes Handicap\u00e9es (SEEPH) ?\" \/>\n<meta property=\"og:url\" content=\"https:\/\/thompouss.fr\/index.php\/hors-des-sentiers-battus-imaginons-ensemble-votre-seeph\/\" \/>\n<meta property=\"og:site_name\" content=\"T&#039;hompouss Consultants\" \/>\n<meta property=\"article:published_time\" content=\"2024-06-25T13:24:31+00:00\" \/>\n<meta property=\"article:modified_time\" content=\"2024-06-25T13:27:34+00:00\" \/>\n<meta property=\"og:image\" content=\"https:\/\/thompouss.fr\/wp-content\/uploads\/2024\/06\/logo_seeph_2024_bleu_rvb.png\" \/>\n\t<meta property=\"og:image:width\" content=\"2569\" \/>\n\t<meta property=\"og:image:height\" content=\"825\" \/>\n\t<meta property=\"og:image:type\" content=\"image\/png\" \/>\n<meta name=\"author\" content=\"Souri\" \/>\n<meta name=\"twitter:card\" content=\"summary_large_image\" \/>\n<meta name=\"twitter:label1\" content=\"\u00c9crit par\" \/>\n\t<meta name=\"twitter:data1\" content=\"Souri\" \/>\n\t<meta name=\"twitter:label2\" content=\"Dur\u00e9e de lecture estim\u00e9e\" \/>\n\t<meta name=\"twitter:data2\" content=\"2 minutes\" \/>\n<script type=\"application\/ld+json\" class=\"yoast-schema-graph\">{\"@context\":\"https:\\\/\\\/schema.org\",\"@graph\":[{\"@type\":\"Article\",\"@id\":\"https:\\\/\\\/thompouss.fr\\\/index.php\\\/hors-des-sentiers-battus-imaginons-ensemble-votre-seeph\\\/#article\",\"isPartOf\":{\"@id\":\"https:\\\/\\\/thompouss.fr\\\/index.php\\\/hors-des-sentiers-battus-imaginons-ensemble-votre-seeph\\\/\"},\"author\":{\"name\":\"Souri\",\"@id\":\"https:\\\/\\\/thompouss.fr\\\/#\\\/schema\\\/person\\\/0bbb6fb6c93022c8fb5675cf8c9be5a3\"},\"headline\":\"Hors des sentiers battus, imaginons ensemble votre SEEPH.\",\"datePublished\":\"2024-06-25T13:24:31+00:00\",\"dateModified\":\"2024-06-25T13:27:34+00:00\",\"mainEntityOfPage\":{\"@id\":\"https:\\\/\\\/thompouss.fr\\\/index.php\\\/hors-des-sentiers-battus-imaginons-ensemble-votre-seeph\\\/\"},\"wordCount\":266,\"commentCount\":0,\"publisher\":{\"@id\":\"https:\\\/\\\/thompouss.fr\\\/#organization\"},\"image\":{\"@id\":\"https:\\\/\\\/thompouss.fr\\\/index.php\\\/hors-des-sentiers-battus-imaginons-ensemble-votre-seeph\\\/#primaryimage\"},\"thumbnailUrl\":\"https:\\\/\\\/thompouss.fr\\\/wp-content\\\/uploads\\\/2024\\\/06\\\/logo_seeph_2024_bleu_rvb.png\",\"inLanguage\":\"fr-FR\",\"potentialAction\":[{\"@type\":\"CommentAction\",\"name\":\"Comment\",\"target\":[\"https:\\\/\\\/thompouss.fr\\\/index.php\\\/hors-des-sentiers-battus-imaginons-ensemble-votre-seeph\\\/#respond\"]}]},{\"@type\":\"WebPage\",\"@id\":\"https:\\\/\\\/thompouss.fr\\\/index.php\\\/hors-des-sentiers-battus-imaginons-ensemble-votre-seeph\\\/\",\"url\":\"https:\\\/\\\/thompouss.fr\\\/index.php\\\/hors-des-sentiers-battus-imaginons-ensemble-votre-seeph\\\/\",\"name\":\"Hors des sentiers battus, imaginons ensemble votre SEEPH. - T&#039;hompouss Consultants\",\"isPartOf\":{\"@id\":\"https:\\\/\\\/thompouss.fr\\\/#website\"},\"primaryImageOfPage\":{\"@id\":\"https:\\\/\\\/thompouss.fr\\\/index.php\\\/hors-des-sentiers-battus-imaginons-ensemble-votre-seeph\\\/#primaryimage\"},\"image\":{\"@id\":\"https:\\\/\\\/thompouss.fr\\\/index.php\\\/hors-des-sentiers-battus-imaginons-ensemble-votre-seeph\\\/#primaryimage\"},\"thumbnailUrl\":\"https:\\\/\\\/thompouss.fr\\\/wp-content\\\/uploads\\\/2024\\\/06\\\/logo_seeph_2024_bleu_rvb.png\",\"datePublished\":\"2024-06-25T13:24:31+00:00\",\"dateModified\":\"2024-06-25T13:27:34+00:00\",\"description\":\"Cette ann\u00e9e, quel est le th\u00e8me officiel de la Semaine Europ\u00e9enne pour l\u2019Emploi des Personnes Handicap\u00e9es (SEEPH) ?\",\"breadcrumb\":{\"@id\":\"https:\\\/\\\/thompouss.fr\\\/index.php\\\/hors-des-sentiers-battus-imaginons-ensemble-votre-seeph\\\/#breadcrumb\"},\"inLanguage\":\"fr-FR\",\"potentialAction\":[{\"@type\":\"ReadAction\",\"target\":[\"https:\\\/\\\/thompouss.fr\\\/index.php\\\/hors-des-sentiers-battus-imaginons-ensemble-votre-seeph\\\/\"]}]},{\"@type\":\"ImageObject\",\"inLanguage\":\"fr-FR\",\"@id\":\"https:\\\/\\\/thompouss.fr\\\/index.php\\\/hors-des-sentiers-battus-imaginons-ensemble-votre-seeph\\\/#primaryimage\",\"url\":\"https:\\\/\\\/thompouss.fr\\\/wp-content\\\/uploads\\\/2024\\\/06\\\/logo_seeph_2024_bleu_rvb.png\",\"contentUrl\":\"https:\\\/\\\/thompouss.fr\\\/wp-content\\\/uploads\\\/2024\\\/06\\\/logo_seeph_2024_bleu_rvb.png\",\"width\":2569,\"height\":825,\"caption\":\"SEEPH 2024\"},{\"@type\":\"BreadcrumbList\",\"@id\":\"https:\\\/\\\/thompouss.fr\\\/index.php\\\/hors-des-sentiers-battus-imaginons-ensemble-votre-seeph\\\/#breadcrumb\",\"itemListElement\":[{\"@type\":\"ListItem\",\"position\":1,\"name\":\"Accueil\",\"item\":\"https:\\\/\\\/thompouss.fr\\\/\"},{\"@type\":\"ListItem\",\"position\":2,\"name\":\"Hors des sentiers battus, imaginons ensemble votre SEEPH.\"}]},{\"@type\":\"WebSite\",\"@id\":\"https:\\\/\\\/thompouss.fr\\\/#website\",\"url\":\"https:\\\/\\\/thompouss.fr\\\/\",\"name\":\"T&#039;hompouss Consultants\",\"description\":\"\",\"publisher\":{\"@id\":\"https:\\\/\\\/thompouss.fr\\\/#organization\"},\"potentialAction\":[{\"@type\":\"SearchAction\",\"target\":{\"@type\":\"EntryPoint\",\"urlTemplate\":\"https:\\\/\\\/thompouss.fr\\\/?s={search_term_string}\"},\"query-input\":{\"@type\":\"PropertyValueSpecification\",\"valueRequired\":true,\"valueName\":\"search_term_string\"}}],\"inLanguage\":\"fr-FR\"},{\"@type\":\"Organization\",\"@id\":\"https:\\\/\\\/thompouss.fr\\\/#organization\",\"name\":\"T&#039;hompouss Consultants\",\"url\":\"https:\\\/\\\/thompouss.fr\\\/\",\"logo\":{\"@type\":\"ImageObject\",\"inLanguage\":\"fr-FR\",\"@id\":\"https:\\\/\\\/thompouss.fr\\\/#\\\/schema\\\/logo\\\/image\\\/\",\"url\":\"https:\\\/\\\/thompouss.fr\\\/wp-content\\\/uploads\\\/2023\\\/05\\\/Thompouss-Logo.png\",\"contentUrl\":\"https:\\\/\\\/thompouss.fr\\\/wp-content\\\/uploads\\\/2023\\\/05\\\/Thompouss-Logo.png\",\"width\":926,\"height\":272,\"caption\":\"T&#039;hompouss Consultants\"},\"image\":{\"@id\":\"https:\\\/\\\/thompouss.fr\\\/#\\\/schema\\\/logo\\\/image\\\/\"},\"sameAs\":[\"https:\\\/\\\/www.linkedin.com\\\/company\\\/t-hompouss-consultants\\\/\"]},{\"@type\":\"Person\",\"@id\":\"https:\\\/\\\/thompouss.fr\\\/#\\\/schema\\\/person\\\/0bbb6fb6c93022c8fb5675cf8c9be5a3\",\"name\":\"Souri\",\"image\":{\"@type\":\"ImageObject\",\"inLanguage\":\"fr-FR\",\"@id\":\"https:\\\/\\\/secure.gravatar.com\\\/avatar\\\/f90756f1e042e88f72223484502ac25e3056ee6bf835bd460c8679384bc2fdd2?s=96&d=mm&r=g\",\"url\":\"https:\\\/\\\/secure.gravatar.com\\\/avatar\\\/f90756f1e042e88f72223484502ac25e3056ee6bf835bd460c8679384bc2fdd2?s=96&d=mm&r=g\",\"contentUrl\":\"https:\\\/\\\/secure.gravatar.com\\\/avatar\\\/f90756f1e042e88f72223484502ac25e3056ee6bf835bd460c8679384bc2fdd2?s=96&d=mm&r=g\",\"caption\":\"Souri\"},\"sameAs\":[\"https:\\\/\\\/thompouss.fr\"],\"url\":\"https:\\\/\\\/thompouss.fr\\\/index.php\\\/author\\\/souri\\\/\"}]}<\/script>\n<!-- \/ Yoast SEO plugin. -->","yoast_head_json":{"title":"Hors des sentiers battus, imaginons ensemble votre SEEPH. - T&#039;hompouss Consultants","description":"Cette ann\u00e9e, quel est le th\u00e8me officiel de la Semaine Europ\u00e9enne pour l\u2019Emploi des Personnes Handicap\u00e9es (SEEPH) ?","robots":{"index":"index","follow":"follow","max-snippet":"max-snippet:-1","max-image-preview":"max-image-preview:large","max-video-preview":"max-video-preview:-1"},"canonical":"https:\/\/thompouss.fr\/index.php\/hors-des-sentiers-battus-imaginons-ensemble-votre-seeph\/","og_locale":"fr_FR","og_type":"article","og_title":"Hors des sentiers battus, imaginons ensemble votre SEEPH. - T&#039;hompouss Consultants","og_description":"Cette ann\u00e9e, quel est le th\u00e8me officiel de la Semaine Europ\u00e9enne pour l\u2019Emploi des Personnes Handicap\u00e9es (SEEPH) ?","og_url":"https:\/\/thompouss.fr\/index.php\/hors-des-sentiers-battus-imaginons-ensemble-votre-seeph\/","og_site_name":"T&#039;hompouss Consultants","article_published_time":"2024-06-25T13:24:31+00:00","article_modified_time":"2024-06-25T13:27:34+00:00","og_image":[{"width":2569,"height":825,"url":"https:\/\/thompouss.fr\/wp-content\/uploads\/2024\/06\/logo_seeph_2024_bleu_rvb.png","type":"image\/png"}],"author":"Souri","twitter_card":"summary_large_image","twitter_misc":{"\u00c9crit par":"Souri","Dur\u00e9e de lecture estim\u00e9e":"2 minutes"},"schema":{"@context":"https:\/\/schema.org","@graph":[{"@type":"Article","@id":"https:\/\/thompouss.fr\/index.php\/hors-des-sentiers-battus-imaginons-ensemble-votre-seeph\/#article","isPartOf":{"@id":"https:\/\/thompouss.fr\/index.php\/hors-des-sentiers-battus-imaginons-ensemble-votre-seeph\/"},"author":{"name":"Souri","@id":"https:\/\/thompouss.fr\/#\/schema\/person\/0bbb6fb6c93022c8fb5675cf8c9be5a3"},"headline":"Hors des sentiers battus, imaginons ensemble votre SEEPH.","datePublished":"2024-06-25T13:24:31+00:00","dateModified":"2024-06-25T13:27:34+00:00","mainEntityOfPage":{"@id":"https:\/\/thompouss.fr\/index.php\/hors-des-sentiers-battus-imaginons-ensemble-votre-seeph\/"},"wordCount":266,"commentCount":0,"publisher":{"@id":"https:\/\/thompouss.fr\/#organization"},"image":{"@id":"https:\/\/thompouss.fr\/index.php\/hors-des-sentiers-battus-imaginons-ensemble-votre-seeph\/#primaryimage"},"thumbnailUrl":"https:\/\/thompouss.fr\/wp-content\/uploads\/2024\/06\/logo_seeph_2024_bleu_rvb.png","inLanguage":"fr-FR","potentialAction":[{"@type":"CommentAction","name":"Comment","target":["https:\/\/thompouss.fr\/index.php\/hors-des-sentiers-battus-imaginons-ensemble-votre-seeph\/#respond"]}]},{"@type":"WebPage","@id":"https:\/\/thompouss.fr\/index.php\/hors-des-sentiers-battus-imaginons-ensemble-votre-seeph\/","url":"https:\/\/thompouss.fr\/index.php\/hors-des-sentiers-battus-imaginons-ensemble-votre-seeph\/","name":"Hors des sentiers battus, imaginons ensemble votre SEEPH. - T&#039;hompouss Consultants","isPartOf":{"@id":"https:\/\/thompouss.fr\/#website"},"primaryImageOfPage":{"@id":"https:\/\/thompouss.fr\/index.php\/hors-des-sentiers-battus-imaginons-ensemble-votre-seeph\/#primaryimage"},"image":{"@id":"https:\/\/thompouss.fr\/index.php\/hors-des-sentiers-battus-imaginons-ensemble-votre-seeph\/#primaryimage"},"thumbnailUrl":"https:\/\/thompouss.fr\/wp-content\/uploads\/2024\/06\/logo_seeph_2024_bleu_rvb.png","datePublished":"2024-06-25T13:24:31+00:00","dateModified":"2024-06-25T13:27:34+00:00","description":"Cette ann\u00e9e, quel est le th\u00e8me officiel de la Semaine Europ\u00e9enne pour l\u2019Emploi des Personnes Handicap\u00e9es (SEEPH) ?","breadcrumb":{"@id":"https:\/\/thompouss.fr\/index.php\/hors-des-sentiers-battus-imaginons-ensemble-votre-seeph\/#breadcrumb"},"inLanguage":"fr-FR","potentialAction":[{"@type":"ReadAction","target":["https:\/\/thompouss.fr\/index.php\/hors-des-sentiers-battus-imaginons-ensemble-votre-seeph\/"]}]},{"@type":"ImageObject","inLanguage":"fr-FR","@id":"https:\/\/thompouss.fr\/index.php\/hors-des-sentiers-battus-imaginons-ensemble-votre-seeph\/#primaryimage","url":"https:\/\/thompouss.fr\/wp-content\/uploads\/2024\/06\/logo_seeph_2024_bleu_rvb.png","contentUrl":"https:\/\/thompouss.fr\/wp-content\/uploads\/2024\/06\/logo_seeph_2024_bleu_rvb.png","width":2569,"height":825,"caption":"SEEPH 2024"},{"@type":"BreadcrumbList","@id":"https:\/\/thompouss.fr\/index.php\/hors-des-sentiers-battus-imaginons-ensemble-votre-seeph\/#breadcrumb","itemListElement":[{"@type":"ListItem","position":1,"name":"Accueil","item":"https:\/\/thompouss.fr\/"},{"@type":"ListItem","position":2,"name":"Hors des sentiers battus, imaginons ensemble votre SEEPH."}]},{"@type":"WebSite","@id":"https:\/\/thompouss.fr\/#website","url":"https:\/\/thompouss.fr\/","name":"T&#039;hompouss Consultants","description":"","publisher":{"@id":"https:\/\/thompouss.fr\/#organization"},"potentialAction":[{"@type":"SearchAction","target":{"@type":"EntryPoint","urlTemplate":"https:\/\/thompouss.fr\/?s={search_term_string}"},"query-input":{"@type":"PropertyValueSpecification","valueRequired":true,"valueName":"search_term_string"}}],"inLanguage":"fr-FR"},{"@type":"Organization","@id":"https:\/\/thompouss.fr\/#organization","name":"T&#039;hompouss Consultants","url":"https:\/\/thompouss.fr\/","logo":{"@type":"ImageObject","inLanguage":"fr-FR","@id":"https:\/\/thompouss.fr\/#\/schema\/logo\/image\/","url":"https:\/\/thompouss.fr\/wp-content\/uploads\/2023\/05\/Thompouss-Logo.png","contentUrl":"https:\/\/thompouss.fr\/wp-content\/uploads\/2023\/05\/Thompouss-Logo.png","width":926,"height":272,"caption":"T&#039;hompouss Consultants"},"image":{"@id":"https:\/\/thompouss.fr\/#\/schema\/logo\/image\/"},"sameAs":["https:\/\/www.linkedin.com\/company\/t-hompouss-consultants\/"]},{"@type":"Person","@id":"https:\/\/thompouss.fr\/#\/schema\/person\/0bbb6fb6c93022c8fb5675cf8c9be5a3","name":"Souri","image":{"@type":"ImageObject","inLanguage":"fr-FR","@id":"https:\/\/secure.gravatar.com\/avatar\/f90756f1e042e88f72223484502ac25e3056ee6bf835bd460c8679384bc2fdd2?s=96&d=mm&r=g","url":"https:\/\/secure.gravatar.com\/avatar\/f90756f1e042e88f72223484502ac25e3056ee6bf835bd460c8679384bc2fdd2?s=96&d=mm&r=g","contentUrl":"https:\/\/secure.gravatar.com\/avatar\/f90756f1e042e88f72223484502ac25e3056ee6bf835bd460c8679384bc2fdd2?s=96&d=mm&r=g","caption":"Souri"},"sameAs":["https:\/\/thompouss.fr"],"url":"https:\/\/thompouss.fr\/index.php\/author\/souri\/"}]}},"_links":{"self":[{"href":"https:\/\/thompouss.fr\/index.php\/wp-json\/wp\/v2\/posts\/5081","targetHints":{"allow":["GET"]}}],"collection":[{"href":"https:\/\/thompouss.fr\/index.php\/wp-json\/wp\/v2\/posts"}],"about":[{"href":"https:\/\/thompouss.fr\/index.php\/wp-json\/wp\/v2\/types\/post"}],"author":[{"embeddable":true,"href":"https:\/\/thompouss.fr\/index.php\/wp-json\/wp\/v2\/users\/1"}],"replies":[{"embeddable":true,"href":"https:\/\/thompouss.fr\/index.php\/wp-json\/wp\/v2\/comments?post=5081"}],"version-history":[{"count":1,"href":"https:\/\/thompouss.fr\/index.php\/wp-json\/wp\/v2\/posts\/5081\/revisions"}],"predecessor-version":[{"id":5083,"href":"https:\/\/thompouss.fr\/index.php\/wp-json\/wp\/v2\/posts\/5081\/revisions\/5083"}],"wp:featuredmedia":[{"embeddable":true,"href":"https:\/\/thompouss.fr\/index.php\/wp-json\/wp\/v2\/media\/5082"}],"wp:attachment":[{"href":"https:\/\/thompouss.fr\/index.php\/wp-json\/wp\/v2\/media?parent=5081"}],"wp:term":[{"taxonomy":"category","embeddable":true,"href":"https:\/\/thompouss.fr\/index.php\/wp-json\/wp\/v2\/categories?post=5081"},{"taxonomy":"post_tag","embeddable":true,"href":"https:\/\/thompouss.fr\/index.php\/wp-json\/wp\/v2\/tags?post=5081"}],"curies":[{"name":"wp","href":"https:\/\/api.w.org\/{rel}","templated":true}]}}