{"id":5413,"date":"2025-02-18T08:00:00","date_gmt":"2025-02-18T07:00:00","guid":{"rendered":"https:\/\/thompouss.fr\/?p=5413"},"modified":"2025-02-14T17:15:21","modified_gmt":"2025-02-14T16:15:21","slug":"journee-nationale-du-syndrome-dasperger","status":"publish","type":"post","link":"https:\/\/thompouss.fr\/index.php\/journee-nationale-du-syndrome-dasperger\/","title":{"rendered":"Journ\u00e9e nationale du syndrome d\u2019Asperger"},"content":{"rendered":"\n<p>C\u2019est la journ\u00e9e nationale du syndrome d\u2019Asperger.<\/p>\n\n\n\n<p>Les entreprises au sein desquelles travaillent les personnes porteuses d\u2019un Trouble du Spectre Autistique (TSA) \u00e9voquent les atouts de ces salari\u00e9s dot\u00e9s d\u2019une excellente m\u00e9moire, d\u2019une pens\u00e9e logique et analytique et tr\u00e8s attentives aux d\u00e9tails.<\/p>\n\n\n\n<p>Au-del\u00e0 des particularit\u00e9s \u00e9voqu\u00e9es, il est important de rappeler que chacun est singulier.<\/p>\n\n\n\n<p>Nous sommes r\u00e9guli\u00e8rement mobilis\u00e9es pour accompagner l\u2019int\u00e9gration au sein des \u00e9quipes.<\/p>\n\n\n\n<p><strong>Notre atout\u00a0? Le jeu Chatipik\u00a0!<\/strong><\/p>\n\n\n\n<p>Une approche ludique et interactive&nbsp;: au cours d&rsquo;un atelier d&rsquo;1h30, les participants identifient les caract\u00e9ristiques des personnes porteuses d\u2019un TSA et les bonnes pratiques inclusives.<\/p>\n\n\n\n<p>Gr\u00e2ce \u00e0 des situations concr\u00e8tes et des \u00e9changes ouverts, ils pourront non seulement mieux appr\u00e9hender les enjeux li\u00e9s \u00e0 l&rsquo;autisme, mais \u00e9galement identifier comment favoriser l&rsquo;int\u00e9gration<\/p>\n","protected":false},"excerpt":{"rendered":"<p>C\u2019est la journ\u00e9e nationale du syndrome d\u2019Asperger.<\/p>\n<p>Les entreprises au sein desquelles travaillent les personnes concern\u00e9es \u00e9voquent les atouts de ces salari\u00e9s dot\u00e9s d\u2019une excellente m\u00e9moire, d\u2019une pens\u00e9e logique et analytique et tr\u00e8s attentives aux d\u00e9tails.<\/p>\n","protected":false},"author":1,"featured_media":5414,"comment_status":"open","ping_status":"open","sticky":false,"template":"","format":"standard","meta":{"_acf_changed":false,"inline_featured_image":false,"footnotes":""},"categories":[1],"tags":[],"class_list":["post-5413","post","type-post","status-publish","format-standard","has-post-thumbnail","hentry","category-non-classe"],"acf":[],"yoast_head":"<!-- This site is optimized with the Yoast SEO plugin v27.5 - https:\/\/yoast.com\/product\/yoast-seo-wordpress\/ -->\n<title>Journ\u00e9e nationale du syndrome d\u2019Asperger - T&#039;hompouss Consultants<\/title>\n<meta name=\"robots\" content=\"index, follow, max-snippet:-1, max-image-preview:large, max-video-preview:-1\" \/>\n<link rel=\"canonical\" href=\"https:\/\/thompouss.fr\/index.php\/journee-nationale-du-syndrome-dasperger\/\" \/>\n<meta property=\"og:locale\" content=\"fr_FR\" \/>\n<meta property=\"og:type\" content=\"article\" \/>\n<meta property=\"og:title\" content=\"Journ\u00e9e nationale du syndrome d\u2019Asperger - T&#039;hompouss Consultants\" \/>\n<meta property=\"og:description\" content=\"C\u2019est la journ\u00e9e nationale du syndrome d\u2019Asperger. Les entreprises au sein desquelles travaillent les personnes concern\u00e9es \u00e9voquent les atouts de ces salari\u00e9s dot\u00e9s d\u2019une excellente m\u00e9moire, d\u2019une pens\u00e9e logique et analytique et tr\u00e8s attentives aux d\u00e9tails.\" \/>\n<meta property=\"og:url\" content=\"https:\/\/thompouss.fr\/index.php\/journee-nationale-du-syndrome-dasperger\/\" \/>\n<meta property=\"og:site_name\" content=\"T&#039;hompouss Consultants\" \/>\n<meta property=\"article:published_time\" content=\"2025-02-18T07:00:00+00:00\" \/>\n<meta property=\"og:image\" content=\"https:\/\/thompouss.fr\/wp-content\/uploads\/2025\/02\/chatypik-scaled.jpg\" \/>\n\t<meta property=\"og:image:width\" content=\"2535\" \/>\n\t<meta property=\"og:image:height\" content=\"2560\" \/>\n\t<meta property=\"og:image:type\" content=\"image\/jpeg\" \/>\n<meta name=\"author\" content=\"Souri\" \/>\n<meta name=\"twitter:card\" content=\"summary_large_image\" \/>\n<meta name=\"twitter:label1\" content=\"\u00c9crit par\" \/>\n\t<meta name=\"twitter:data1\" content=\"Souri\" \/>\n\t<meta name=\"twitter:label2\" content=\"Dur\u00e9e de lecture estim\u00e9e\" \/>\n\t<meta name=\"twitter:data2\" content=\"1 minute\" \/>\n<script type=\"application\/ld+json\" class=\"yoast-schema-graph\">{\"@context\":\"https:\\\/\\\/schema.org\",\"@graph\":[{\"@type\":\"Article\",\"@id\":\"https:\\\/\\\/thompouss.fr\\\/index.php\\\/journee-nationale-du-syndrome-dasperger\\\/#article\",\"isPartOf\":{\"@id\":\"https:\\\/\\\/thompouss.fr\\\/index.php\\\/journee-nationale-du-syndrome-dasperger\\\/\"},\"author\":{\"name\":\"Souri\",\"@id\":\"https:\\\/\\\/thompouss.fr\\\/#\\\/schema\\\/person\\\/0bbb6fb6c93022c8fb5675cf8c9be5a3\"},\"headline\":\"Journ\u00e9e nationale du syndrome d\u2019Asperger\",\"datePublished\":\"2025-02-18T07:00:00+00:00\",\"mainEntityOfPage\":{\"@id\":\"https:\\\/\\\/thompouss.fr\\\/index.php\\\/journee-nationale-du-syndrome-dasperger\\\/\"},\"wordCount\":158,\"commentCount\":0,\"publisher\":{\"@id\":\"https:\\\/\\\/thompouss.fr\\\/#organization\"},\"image\":{\"@id\":\"https:\\\/\\\/thompouss.fr\\\/index.php\\\/journee-nationale-du-syndrome-dasperger\\\/#primaryimage\"},\"thumbnailUrl\":\"https:\\\/\\\/thompouss.fr\\\/wp-content\\\/uploads\\\/2025\\\/02\\\/chatypik-scaled.jpg\",\"inLanguage\":\"fr-FR\",\"potentialAction\":[{\"@type\":\"CommentAction\",\"name\":\"Comment\",\"target\":[\"https:\\\/\\\/thompouss.fr\\\/index.php\\\/journee-nationale-du-syndrome-dasperger\\\/#respond\"]}]},{\"@type\":\"WebPage\",\"@id\":\"https:\\\/\\\/thompouss.fr\\\/index.php\\\/journee-nationale-du-syndrome-dasperger\\\/\",\"url\":\"https:\\\/\\\/thompouss.fr\\\/index.php\\\/journee-nationale-du-syndrome-dasperger\\\/\",\"name\":\"Journ\u00e9e nationale du syndrome d\u2019Asperger - T&#039;hompouss Consultants\",\"isPartOf\":{\"@id\":\"https:\\\/\\\/thompouss.fr\\\/#website\"},\"primaryImageOfPage\":{\"@id\":\"https:\\\/\\\/thompouss.fr\\\/index.php\\\/journee-nationale-du-syndrome-dasperger\\\/#primaryimage\"},\"image\":{\"@id\":\"https:\\\/\\\/thompouss.fr\\\/index.php\\\/journee-nationale-du-syndrome-dasperger\\\/#primaryimage\"},\"thumbnailUrl\":\"https:\\\/\\\/thompouss.fr\\\/wp-content\\\/uploads\\\/2025\\\/02\\\/chatypik-scaled.jpg\",\"datePublished\":\"2025-02-18T07:00:00+00:00\",\"breadcrumb\":{\"@id\":\"https:\\\/\\\/thompouss.fr\\\/index.php\\\/journee-nationale-du-syndrome-dasperger\\\/#breadcrumb\"},\"inLanguage\":\"fr-FR\",\"potentialAction\":[{\"@type\":\"ReadAction\",\"target\":[\"https:\\\/\\\/thompouss.fr\\\/index.php\\\/journee-nationale-du-syndrome-dasperger\\\/\"]}]},{\"@type\":\"ImageObject\",\"inLanguage\":\"fr-FR\",\"@id\":\"https:\\\/\\\/thompouss.fr\\\/index.php\\\/journee-nationale-du-syndrome-dasperger\\\/#primaryimage\",\"url\":\"https:\\\/\\\/thompouss.fr\\\/wp-content\\\/uploads\\\/2025\\\/02\\\/chatypik-scaled.jpg\",\"contentUrl\":\"https:\\\/\\\/thompouss.fr\\\/wp-content\\\/uploads\\\/2025\\\/02\\\/chatypik-scaled.jpg\",\"width\":2535,\"height\":2560,\"caption\":\"Chatypik - T'hompouss Consultants\"},{\"@type\":\"BreadcrumbList\",\"@id\":\"https:\\\/\\\/thompouss.fr\\\/index.php\\\/journee-nationale-du-syndrome-dasperger\\\/#breadcrumb\",\"itemListElement\":[{\"@type\":\"ListItem\",\"position\":1,\"name\":\"Accueil\",\"item\":\"https:\\\/\\\/thompouss.fr\\\/\"},{\"@type\":\"ListItem\",\"position\":2,\"name\":\"Journ\u00e9e nationale du syndrome d\u2019Asperger\"}]},{\"@type\":\"WebSite\",\"@id\":\"https:\\\/\\\/thompouss.fr\\\/#website\",\"url\":\"https:\\\/\\\/thompouss.fr\\\/\",\"name\":\"T&#039;hompouss Consultants\",\"description\":\"\",\"publisher\":{\"@id\":\"https:\\\/\\\/thompouss.fr\\\/#organization\"},\"potentialAction\":[{\"@type\":\"SearchAction\",\"target\":{\"@type\":\"EntryPoint\",\"urlTemplate\":\"https:\\\/\\\/thompouss.fr\\\/?s={search_term_string}\"},\"query-input\":{\"@type\":\"PropertyValueSpecification\",\"valueRequired\":true,\"valueName\":\"search_term_string\"}}],\"inLanguage\":\"fr-FR\"},{\"@type\":\"Organization\",\"@id\":\"https:\\\/\\\/thompouss.fr\\\/#organization\",\"name\":\"T&#039;hompouss Consultants\",\"url\":\"https:\\\/\\\/thompouss.fr\\\/\",\"logo\":{\"@type\":\"ImageObject\",\"inLanguage\":\"fr-FR\",\"@id\":\"https:\\\/\\\/thompouss.fr\\\/#\\\/schema\\\/logo\\\/image\\\/\",\"url\":\"https:\\\/\\\/thompouss.fr\\\/wp-content\\\/uploads\\\/2023\\\/05\\\/Thompouss-Logo.png\",\"contentUrl\":\"https:\\\/\\\/thompouss.fr\\\/wp-content\\\/uploads\\\/2023\\\/05\\\/Thompouss-Logo.png\",\"width\":926,\"height\":272,\"caption\":\"T&#039;hompouss Consultants\"},\"image\":{\"@id\":\"https:\\\/\\\/thompouss.fr\\\/#\\\/schema\\\/logo\\\/image\\\/\"},\"sameAs\":[\"https:\\\/\\\/www.linkedin.com\\\/company\\\/t-hompouss-consultants\\\/\"]},{\"@type\":\"Person\",\"@id\":\"https:\\\/\\\/thompouss.fr\\\/#\\\/schema\\\/person\\\/0bbb6fb6c93022c8fb5675cf8c9be5a3\",\"name\":\"Souri\",\"image\":{\"@type\":\"ImageObject\",\"inLanguage\":\"fr-FR\",\"@id\":\"https:\\\/\\\/secure.gravatar.com\\\/avatar\\\/f90756f1e042e88f72223484502ac25e3056ee6bf835bd460c8679384bc2fdd2?s=96&d=mm&r=g\",\"url\":\"https:\\\/\\\/secure.gravatar.com\\\/avatar\\\/f90756f1e042e88f72223484502ac25e3056ee6bf835bd460c8679384bc2fdd2?s=96&d=mm&r=g\",\"contentUrl\":\"https:\\\/\\\/secure.gravatar.com\\\/avatar\\\/f90756f1e042e88f72223484502ac25e3056ee6bf835bd460c8679384bc2fdd2?s=96&d=mm&r=g\",\"caption\":\"Souri\"},\"sameAs\":[\"https:\\\/\\\/thompouss.fr\"],\"url\":\"https:\\\/\\\/thompouss.fr\\\/index.php\\\/author\\\/souri\\\/\"}]}<\/script>\n<!-- \/ Yoast SEO plugin. -->","yoast_head_json":{"title":"Journ\u00e9e nationale du syndrome d\u2019Asperger - T&#039;hompouss Consultants","robots":{"index":"index","follow":"follow","max-snippet":"max-snippet:-1","max-image-preview":"max-image-preview:large","max-video-preview":"max-video-preview:-1"},"canonical":"https:\/\/thompouss.fr\/index.php\/journee-nationale-du-syndrome-dasperger\/","og_locale":"fr_FR","og_type":"article","og_title":"Journ\u00e9e nationale du syndrome d\u2019Asperger - T&#039;hompouss Consultants","og_description":"C\u2019est la journ\u00e9e nationale du syndrome d\u2019Asperger. Les entreprises au sein desquelles travaillent les personnes concern\u00e9es \u00e9voquent les atouts de ces salari\u00e9s dot\u00e9s d\u2019une excellente m\u00e9moire, d\u2019une pens\u00e9e logique et analytique et tr\u00e8s attentives aux d\u00e9tails.","og_url":"https:\/\/thompouss.fr\/index.php\/journee-nationale-du-syndrome-dasperger\/","og_site_name":"T&#039;hompouss Consultants","article_published_time":"2025-02-18T07:00:00+00:00","og_image":[{"width":2535,"height":2560,"url":"https:\/\/thompouss.fr\/wp-content\/uploads\/2025\/02\/chatypik-scaled.jpg","type":"image\/jpeg"}],"author":"Souri","twitter_card":"summary_large_image","twitter_misc":{"\u00c9crit par":"Souri","Dur\u00e9e de lecture estim\u00e9e":"1 minute"},"schema":{"@context":"https:\/\/schema.org","@graph":[{"@type":"Article","@id":"https:\/\/thompouss.fr\/index.php\/journee-nationale-du-syndrome-dasperger\/#article","isPartOf":{"@id":"https:\/\/thompouss.fr\/index.php\/journee-nationale-du-syndrome-dasperger\/"},"author":{"name":"Souri","@id":"https:\/\/thompouss.fr\/#\/schema\/person\/0bbb6fb6c93022c8fb5675cf8c9be5a3"},"headline":"Journ\u00e9e nationale du syndrome d\u2019Asperger","datePublished":"2025-02-18T07:00:00+00:00","mainEntityOfPage":{"@id":"https:\/\/thompouss.fr\/index.php\/journee-nationale-du-syndrome-dasperger\/"},"wordCount":158,"commentCount":0,"publisher":{"@id":"https:\/\/thompouss.fr\/#organization"},"image":{"@id":"https:\/\/thompouss.fr\/index.php\/journee-nationale-du-syndrome-dasperger\/#primaryimage"},"thumbnailUrl":"https:\/\/thompouss.fr\/wp-content\/uploads\/2025\/02\/chatypik-scaled.jpg","inLanguage":"fr-FR","potentialAction":[{"@type":"CommentAction","name":"Comment","target":["https:\/\/thompouss.fr\/index.php\/journee-nationale-du-syndrome-dasperger\/#respond"]}]},{"@type":"WebPage","@id":"https:\/\/thompouss.fr\/index.php\/journee-nationale-du-syndrome-dasperger\/","url":"https:\/\/thompouss.fr\/index.php\/journee-nationale-du-syndrome-dasperger\/","name":"Journ\u00e9e nationale du syndrome d\u2019Asperger - T&#039;hompouss Consultants","isPartOf":{"@id":"https:\/\/thompouss.fr\/#website"},"primaryImageOfPage":{"@id":"https:\/\/thompouss.fr\/index.php\/journee-nationale-du-syndrome-dasperger\/#primaryimage"},"image":{"@id":"https:\/\/thompouss.fr\/index.php\/journee-nationale-du-syndrome-dasperger\/#primaryimage"},"thumbnailUrl":"https:\/\/thompouss.fr\/wp-content\/uploads\/2025\/02\/chatypik-scaled.jpg","datePublished":"2025-02-18T07:00:00+00:00","breadcrumb":{"@id":"https:\/\/thompouss.fr\/index.php\/journee-nationale-du-syndrome-dasperger\/#breadcrumb"},"inLanguage":"fr-FR","potentialAction":[{"@type":"ReadAction","target":["https:\/\/thompouss.fr\/index.php\/journee-nationale-du-syndrome-dasperger\/"]}]},{"@type":"ImageObject","inLanguage":"fr-FR","@id":"https:\/\/thompouss.fr\/index.php\/journee-nationale-du-syndrome-dasperger\/#primaryimage","url":"https:\/\/thompouss.fr\/wp-content\/uploads\/2025\/02\/chatypik-scaled.jpg","contentUrl":"https:\/\/thompouss.fr\/wp-content\/uploads\/2025\/02\/chatypik-scaled.jpg","width":2535,"height":2560,"caption":"Chatypik - T'hompouss Consultants"},{"@type":"BreadcrumbList","@id":"https:\/\/thompouss.fr\/index.php\/journee-nationale-du-syndrome-dasperger\/#breadcrumb","itemListElement":[{"@type":"ListItem","position":1,"name":"Accueil","item":"https:\/\/thompouss.fr\/"},{"@type":"ListItem","position":2,"name":"Journ\u00e9e nationale du syndrome d\u2019Asperger"}]},{"@type":"WebSite","@id":"https:\/\/thompouss.fr\/#website","url":"https:\/\/thompouss.fr\/","name":"T&#039;hompouss Consultants","description":"","publisher":{"@id":"https:\/\/thompouss.fr\/#organization"},"potentialAction":[{"@type":"SearchAction","target":{"@type":"EntryPoint","urlTemplate":"https:\/\/thompouss.fr\/?s={search_term_string}"},"query-input":{"@type":"PropertyValueSpecification","valueRequired":true,"valueName":"search_term_string"}}],"inLanguage":"fr-FR"},{"@type":"Organization","@id":"https:\/\/thompouss.fr\/#organization","name":"T&#039;hompouss Consultants","url":"https:\/\/thompouss.fr\/","logo":{"@type":"ImageObject","inLanguage":"fr-FR","@id":"https:\/\/thompouss.fr\/#\/schema\/logo\/image\/","url":"https:\/\/thompouss.fr\/wp-content\/uploads\/2023\/05\/Thompouss-Logo.png","contentUrl":"https:\/\/thompouss.fr\/wp-content\/uploads\/2023\/05\/Thompouss-Logo.png","width":926,"height":272,"caption":"T&#039;hompouss Consultants"},"image":{"@id":"https:\/\/thompouss.fr\/#\/schema\/logo\/image\/"},"sameAs":["https:\/\/www.linkedin.com\/company\/t-hompouss-consultants\/"]},{"@type":"Person","@id":"https:\/\/thompouss.fr\/#\/schema\/person\/0bbb6fb6c93022c8fb5675cf8c9be5a3","name":"Souri","image":{"@type":"ImageObject","inLanguage":"fr-FR","@id":"https:\/\/secure.gravatar.com\/avatar\/f90756f1e042e88f72223484502ac25e3056ee6bf835bd460c8679384bc2fdd2?s=96&d=mm&r=g","url":"https:\/\/secure.gravatar.com\/avatar\/f90756f1e042e88f72223484502ac25e3056ee6bf835bd460c8679384bc2fdd2?s=96&d=mm&r=g","contentUrl":"https:\/\/secure.gravatar.com\/avatar\/f90756f1e042e88f72223484502ac25e3056ee6bf835bd460c8679384bc2fdd2?s=96&d=mm&r=g","caption":"Souri"},"sameAs":["https:\/\/thompouss.fr"],"url":"https:\/\/thompouss.fr\/index.php\/author\/souri\/"}]}},"_links":{"self":[{"href":"https:\/\/thompouss.fr\/index.php\/wp-json\/wp\/v2\/posts\/5413","targetHints":{"allow":["GET"]}}],"collection":[{"href":"https:\/\/thompouss.fr\/index.php\/wp-json\/wp\/v2\/posts"}],"about":[{"href":"https:\/\/thompouss.fr\/index.php\/wp-json\/wp\/v2\/types\/post"}],"author":[{"embeddable":true,"href":"https:\/\/thompouss.fr\/index.php\/wp-json\/wp\/v2\/users\/1"}],"replies":[{"embeddable":true,"href":"https:\/\/thompouss.fr\/index.php\/wp-json\/wp\/v2\/comments?post=5413"}],"version-history":[{"count":2,"href":"https:\/\/thompouss.fr\/index.php\/wp-json\/wp\/v2\/posts\/5413\/revisions"}],"predecessor-version":[{"id":5416,"href":"https:\/\/thompouss.fr\/index.php\/wp-json\/wp\/v2\/posts\/5413\/revisions\/5416"}],"wp:featuredmedia":[{"embeddable":true,"href":"https:\/\/thompouss.fr\/index.php\/wp-json\/wp\/v2\/media\/5414"}],"wp:attachment":[{"href":"https:\/\/thompouss.fr\/index.php\/wp-json\/wp\/v2\/media?parent=5413"}],"wp:term":[{"taxonomy":"category","embeddable":true,"href":"https:\/\/thompouss.fr\/index.php\/wp-json\/wp\/v2\/categories?post=5413"},{"taxonomy":"post_tag","embeddable":true,"href":"https:\/\/thompouss.fr\/index.php\/wp-json\/wp\/v2\/tags?post=5413"}],"curies":[{"name":"wp","href":"https:\/\/api.w.org\/{rel}","templated":true}]}}